{"id":13691,"date":"2026-02-21T07:07:27","date_gmt":"2026-02-21T06:07:27","guid":{"rendered":"https:\/\/trailsofmenorca.com\/cami-de-cavalls-wandern\/"},"modified":"2026-04-12T13:39:33","modified_gmt":"2026-04-12T11:39:33","slug":"cami-de-cavalls-wandern","status":"publish","type":"post","link":"https:\/\/trailsofmenorca.com\/de\/cami-de-cavalls-wandern\/","title":{"rendered":"Cam\u00ed de Cavalls wandern"},"content":{"rendered":"\t\t<div data-elementor-type=\"wp-post\" data-elementor-id=\"13691\" class=\"elementor elementor-13691 elementor-13005\" data-elementor-post-type=\"post\">\n\t\t\t\t<div class=\"elementor-element elementor-element-645051c e-flex e-con-boxed e-con e-parent\" data-id=\"645051c\" data-element_type=\"container\" data-e-type=\"container\">\n\t\t\t\t\t<div class=\"e-con-inner\">\n\t\t<div class=\"elementor-element elementor-element-f1fcc8b e-con-full e-flex e-con e-child\" data-id=\"f1fcc8b\" data-element_type=\"container\" data-e-type=\"container\">\n\t\t\t\t<div class=\"elementor-element elementor-element-c5f8e77 elementor-widget elementor-widget-heading\" data-id=\"c5f8e77\" data-element_type=\"widget\" data-e-type=\"widget\" data-widget_type=\"heading.default\">\n\t\t\t\t<div class=\"elementor-widget-container\">\n\t\t\t\t\t<h2 class=\"elementor-heading-title elementor-size-default\">Wanderung auf dem Cam\u00ed de Cavalls<\/h2>\t\t\t\t<\/div>\n\t\t\t\t<\/div>\n\t\t\t\t<div class=\"elementor-element elementor-element-bfcd680 elementor-widget elementor-widget-heading\" data-id=\"bfcd680\" data-element_type=\"widget\" data-e-type=\"widget\" data-widget_type=\"heading.default\">\n\t\t\t\t<div class=\"elementor-widget-container\">\n\t\t\t\t\t<h2 class=\"elementor-heading-title elementor-size-default\">Warum Menorca eines der besten Wanderziele im \nMittelmeerraum ist<\/h2>\t\t\t\t<\/div>\n\t\t\t\t<\/div>\n\t\t\t\t<\/div>\n\t\t<div class=\"elementor-element elementor-element-c7ac3d6 e-con-full e-flex e-con e-child\" data-id=\"c7ac3d6\" data-element_type=\"container\" data-e-type=\"container\">\n\t\t\t\t<div class=\"elementor-element elementor-element-d6a5775 elementor-widget elementor-widget-image\" data-id=\"d6a5775\" data-element_type=\"widget\" data-e-type=\"widget\" data-widget_type=\"image.default\">\n\t\t\t\t<div class=\"elementor-widget-container\">\n\t\t\t\t\t\t\t\t\t\t\t\t\t\t\t<img fetchpriority=\"high\" decoding=\"async\" width=\"250\" height=\"202\" src=\"https:\/\/trailsofmenorca.com\/wp-content\/uploads\/2026\/02\/Logo.webp\" class=\"attachment-large size-large wp-image-13696\" alt=\"\" \/>\t\t\t\t\t\t\t\t\t\t\t\t\t\t\t<\/div>\n\t\t\t\t<\/div>\n\t\t\t\t<\/div>\n\t\t\t\t\t<\/div>\n\t\t\t\t<\/div>\n\t\t<div class=\"elementor-element elementor-element-cd65bef e-flex e-con-boxed e-con e-parent\" data-id=\"cd65bef\" data-element_type=\"container\" data-e-type=\"container\">\n\t\t\t\t\t<div class=\"e-con-inner\">\n\t\t<div class=\"elementor-element elementor-element-6d6fe77 e-con-full e-flex e-con e-child\" data-id=\"6d6fe77\" data-element_type=\"container\" data-e-type=\"container\">\n\t\t\t\t<div class=\"elementor-element elementor-element-fa5e9b8 elementor-widget elementor-widget-text-editor\" data-id=\"fa5e9b8\" data-element_type=\"widget\" data-e-type=\"widget\" data-widget_type=\"text-editor.default\">\n\t\t\t\t<div class=\"elementor-widget-container\">\n\t\t\t\t\t\t\t\t\t<p>Wandern auf Menorca: Der Cam\u00ed de Cavalls ist ein 185 km langer K\u00fcstenwanderweg rund um die Insel. Entdecken Sie, warum Menorca perfekt f\u00fcr einen Wanderurlaub ist &#8211; mit Insight vor Ort. <\/p>\t\t\t\t\t\t\t\t<\/div>\n\t\t\t\t<\/div>\n\t\t\t\t<div class=\"elementor-element elementor-element-820fcdf elementor-widget elementor-widget-heading\" data-id=\"820fcdf\" data-element_type=\"widget\" data-e-type=\"widget\" data-widget_type=\"heading.default\">\n\t\t\t\t<div class=\"elementor-widget-container\">\n\t\t\t\t\t<h2 class=\"elementor-heading-title elementor-size-default\">Wandern auf dem Cam\u00ed de Cavalls - Ein Weg, der in Erinnerung bleibt<\/h2>\t\t\t\t<\/div>\n\t\t\t\t<\/div>\n\t\t\t\t<div class=\"elementor-element elementor-element-232626d elementor-widget elementor-widget-text-editor\" data-id=\"232626d\" data-element_type=\"widget\" data-e-type=\"widget\" data-widget_type=\"text-editor.default\">\n\t\t\t\t<div class=\"elementor-widget-container\">\n\t\t\t\t\t\t\t\t\t<p>Der Cam\u00ed de Cavalls ist einer der sch\u00f6nsten K\u00fcstenwanderwege in Europa.<\/p><p>Auf einer L\u00e4nge von 185 Kilometern umrundet er die gesamte Insel Menorca und f\u00fchrt entlang der K\u00fcste durch unber\u00fchrte Natur, versteckte Buchten, W\u00e4lder, Klippen und historische Wege.<\/p><p>Beim Wandern auf dem Cam\u00ed de Cavalls geht es nicht um Geschwindigkeit oder Leistung.<br>Es geht darum, Menorca in seiner authentischsten Form zu erleben &#8211; ruhig, nat\u00fcrlich und sehr lohnend.<\/p>\t\t\t\t\t\t\t\t<\/div>\n\t\t\t\t<\/div>\n\t\t\t\t<\/div>\n\t\t<div class=\"elementor-element elementor-element-ac0f0de e-con-full e-flex e-con e-child\" data-id=\"ac0f0de\" data-element_type=\"container\" data-e-type=\"container\">\n\t\t\t\t<div class=\"elementor-element elementor-element-b83d599 elementor-widget elementor-widget-image\" data-id=\"b83d599\" data-element_type=\"widget\" data-e-type=\"widget\" data-widget_type=\"image.default\">\n\t\t\t\t<div class=\"elementor-widget-container\">\n\t\t\t\t\t\t\t\t\t\t\t\t\t\t\t<img decoding=\"async\" width=\"741\" height=\"1024\" src=\"https:\/\/trailsofmenorca.com\/wp-content\/uploads\/2026\/02\/cami-de-cavalls-wandern-10-741x1024.webp\" class=\"attachment-large size-large wp-image-13697\" alt=\"\" srcset=\"https:\/\/trailsofmenorca.com\/wp-content\/uploads\/2026\/02\/cami-de-cavalls-wandern-10-741x1024.webp 741w, https:\/\/trailsofmenorca.com\/wp-content\/uploads\/2026\/02\/cami-de-cavalls-wandern-10-217x300.webp 217w, https:\/\/trailsofmenorca.com\/wp-content\/uploads\/2026\/02\/cami-de-cavalls-wandern-10-768x1061.webp 768w, https:\/\/trailsofmenorca.com\/wp-content\/uploads\/2026\/02\/cami-de-cavalls-wandern-10-1112x1536.webp 1112w, https:\/\/trailsofmenorca.com\/wp-content\/uploads\/2026\/02\/cami-de-cavalls-wandern-10.webp 1179w\" sizes=\"(max-width: 741px) 100vw, 741px\" \/>\t\t\t\t\t\t\t\t\t\t\t\t\t\t\t<\/div>\n\t\t\t\t<\/div>\n\t\t\t\t<\/div>\n\t\t\t\t\t<\/div>\n\t\t\t\t<\/div>\n\t\t<div class=\"elementor-element elementor-element-9a3e43b e-flex e-con-boxed e-con e-parent\" data-id=\"9a3e43b\" data-element_type=\"container\" data-e-type=\"container\">\n\t\t\t\t\t<div class=\"e-con-inner\">\n\t\t<div class=\"elementor-element elementor-element-c25490c e-con-full e-flex e-con e-child\" data-id=\"c25490c\" data-element_type=\"container\" data-e-type=\"container\">\n\t\t\t\t<div class=\"elementor-element elementor-element-037cd14 elementor-widget elementor-widget-image\" data-id=\"037cd14\" data-element_type=\"widget\" data-e-type=\"widget\" data-widget_type=\"image.default\">\n\t\t\t\t<div class=\"elementor-widget-container\">\n\t\t\t\t\t\t\t\t\t\t\t\t\t\t\t<img decoding=\"async\" width=\"663\" height=\"509\" src=\"https:\/\/trailsofmenorca.com\/wp-content\/uploads\/2026\/02\/cami-de-cavalls-wandern-3.webp\" class=\"attachment-large size-large wp-image-13698\" alt=\"\" srcset=\"https:\/\/trailsofmenorca.com\/wp-content\/uploads\/2026\/02\/cami-de-cavalls-wandern-3.webp 663w, https:\/\/trailsofmenorca.com\/wp-content\/uploads\/2026\/02\/cami-de-cavalls-wandern-3-300x230.webp 300w\" sizes=\"(max-width: 663px) 100vw, 663px\" \/>\t\t\t\t\t\t\t\t\t\t\t\t\t\t\t<\/div>\n\t\t\t\t<\/div>\n\t\t\t\t<\/div>\n\t\t<div class=\"elementor-element elementor-element-4778fe0 e-con-full e-flex e-con e-child\" data-id=\"4778fe0\" data-element_type=\"container\" data-e-type=\"container\">\n\t\t\t\t<div class=\"elementor-element elementor-element-d080212 elementor-widget elementor-widget-text-editor\" data-id=\"d080212\" data-element_type=\"widget\" data-e-type=\"widget\" data-widget_type=\"text-editor.default\">\n\t\t\t\t<div class=\"elementor-widget-container\">\n\t\t\t\t\t\t\t\t\tMenorca ist ganz anders als andere Mittelmeerinseln.\n\nEs ist ein <b>UNESCO-Biosph\u00e4renreservat<\/b>, das sich f\u00fcr den Schutz der Natur und gegen den Massentourismus einsetzt.\n<ul>\n \t<li>Gesch\u00fctzte K\u00fcstenlinie<\/li>\n \t<li>Bewahrte l\u00e4ndliche Kultur<\/li>\n \t<li>Geringe Bebauungsdichte<\/li>\n<\/ul>\t\t\t\t\t\t\t\t<\/div>\n\t\t\t\t<\/div>\n\t\t\t\t<\/div>\n\t\t\t\t\t<\/div>\n\t\t\t\t<\/div>\n\t\t<div class=\"elementor-element elementor-element-e844dc0 e-flex e-con-boxed e-con e-parent\" data-id=\"e844dc0\" data-element_type=\"container\" data-e-type=\"container\">\n\t\t\t\t\t<div class=\"e-con-inner\">\n\t\t<div class=\"elementor-element elementor-element-ac9a250 e-con-full e-flex e-con e-child\" data-id=\"ac9a250\" data-element_type=\"container\" data-e-type=\"container\">\n\t\t\t\t<div class=\"elementor-element elementor-element-0f5ac87 elementor-widget elementor-widget-text-editor\" data-id=\"0f5ac87\" data-element_type=\"widget\" data-e-type=\"widget\" data-widget_type=\"text-editor.default\">\n\t\t\t\t<div class=\"elementor-widget-container\">\n\t\t\t\t\t\t\t\t\tF\u00fcr Wanderer bedeutet dies:\n<ul>\n<li>pr\u00e4historische st\u00e4tten und talayotische geschichte<\/li>\n\n<li>unber\u00fchrte Naturparks<\/li>\n\n<li>abgelegene Str\u00e4nde, die nur zu Fu\u00df erreichbar sind<\/li>\n\n<li>traditionelles l\u00e4ndliches Menorca\n\n<li>ein Gef\u00fchl von Raum und Ruhe<\/li>\n<\/ul>\n\n\t\t\t\t\t\t\t\t<\/div>\n\t\t\t\t<\/div>\n\t\t\t\t<\/div>\n\t\t<div class=\"elementor-element elementor-element-6f3932d e-con-full e-flex e-con e-child\" data-id=\"6f3932d\" data-element_type=\"container\" data-e-type=\"container\">\n\t\t\t\t<div class=\"elementor-element elementor-element-4817b8d elementor-widget elementor-widget-image\" data-id=\"4817b8d\" data-element_type=\"widget\" data-e-type=\"widget\" data-widget_type=\"image.default\">\n\t\t\t\t<div class=\"elementor-widget-container\">\n\t\t\t\t\t\t\t\t\t\t\t\t\t\t\t<img loading=\"lazy\" decoding=\"async\" width=\"450\" height=\"600\" src=\"https:\/\/trailsofmenorca.com\/wp-content\/uploads\/2026\/02\/cami-de-cavalls-wandern-8.webp\" class=\"attachment-large size-large wp-image-13699\" alt=\"\" srcset=\"https:\/\/trailsofmenorca.com\/wp-content\/uploads\/2026\/02\/cami-de-cavalls-wandern-8.webp 450w, https:\/\/trailsofmenorca.com\/wp-content\/uploads\/2026\/02\/cami-de-cavalls-wandern-8-225x300.webp 225w\" sizes=\"(max-width: 450px) 100vw, 450px\" \/>\t\t\t\t\t\t\t\t\t\t\t\t\t\t\t<\/div>\n\t\t\t\t<\/div>\n\t\t\t\t<\/div>\n\t\t\t\t\t<\/div>\n\t\t\t\t<\/div>\n\t\t<div class=\"elementor-element elementor-element-dac133f e-flex e-con-boxed e-con e-parent\" data-id=\"dac133f\" data-element_type=\"container\" data-e-type=\"container\">\n\t\t\t\t\t<div class=\"e-con-inner\">\n\t\t<div class=\"elementor-element elementor-element-9e1769b e-con-full e-flex e-con e-child\" data-id=\"9e1769b\" data-element_type=\"container\" data-e-type=\"container\">\n\t\t\t\t<div class=\"elementor-element elementor-element-43d33d0 elementor-widget elementor-widget-heading\" data-id=\"43d33d0\" data-element_type=\"widget\" data-e-type=\"widget\" data-widget_type=\"heading.default\">\n\t\t\t\t<div class=\"elementor-widget-container\">\n\t\t\t\t\t<h3 class=\"elementor-heading-title elementor-size-default\">Der Cam\u00ed de Cavalls - Ein historischer K\u00fcstenpfad<\/h3>\t\t\t\t<\/div>\n\t\t\t\t<\/div>\n\t\t\t\t<div class=\"elementor-element elementor-element-62caf78 elementor-widget elementor-widget-text-editor\" data-id=\"62caf78\" data-element_type=\"widget\" data-e-type=\"widget\" data-widget_type=\"text-editor.default\">\n\t\t\t\t<div class=\"elementor-widget-container\">\n\t\t\t\t\t\t\t\t\tDer Cam\u00ed de Cavalls ist kein moderner Wanderweg.\nEr geht Jahrhunderte zur\u00fcck und wurde urspr\u00fcnglich von berittenen Soldaten genutzt, um die K\u00fcste der Insel zu sch\u00fctzen.\t\t\t\t\t\t\t\t<\/div>\n\t\t\t\t<\/div>\n\t\t\t\t<\/div>\n\t\t<div class=\"elementor-element elementor-element-648c0e7 e-con-full e-flex e-con e-child\" data-id=\"648c0e7\" data-element_type=\"container\" data-e-type=\"container\">\n\t\t\t\t<div class=\"elementor-element elementor-element-48b2284 elementor-widget elementor-widget-text-editor\" data-id=\"48b2284\" data-element_type=\"widget\" data-e-type=\"widget\" data-widget_type=\"text-editor.default\">\n\t\t\t\t<div class=\"elementor-widget-container\">\n\t\t\t\t\t\t\t\t\t<p>Heute bietet sie eine au\u00dfergew\u00f6hnliche Vielfalt:<\/p><ul><li>wilde Nordk\u00fcste mit roter Erde und zerkl\u00fcfteten Klippen<\/li><li>sanfte S\u00fcdk\u00fcste mit t\u00fcrkisfarbenem Wasser und Kalksteinbuchten<\/li><li>Kiefernw\u00e4lder, Steinmauern und Leuchtt\u00fcrme<\/li><li>abgelegene Str\u00e4nde, die nur zu Fu\u00df erreichbar sind<\/li><\/ul><p><br>Jede Etappe f\u00fchlt sich anders an &#8211; und genau das macht diesen Weg so einzigartig.<\/p>\t\t\t\t\t\t\t\t<\/div>\n\t\t\t\t<\/div>\n\t\t\t\t<\/div>\n\t\t<div class=\"elementor-element elementor-element-737bee9 e-con-full e-flex e-con e-child\" data-id=\"737bee9\" data-element_type=\"container\" data-e-type=\"container\">\n\t\t\t\t<div class=\"elementor-element elementor-element-ce9ac8c elementor-widget elementor-widget-image\" data-id=\"ce9ac8c\" data-element_type=\"widget\" data-e-type=\"widget\" data-widget_type=\"image.default\">\n\t\t\t\t<div class=\"elementor-widget-container\">\n\t\t\t\t\t\t\t\t\t\t\t\t\t\t\t<img loading=\"lazy\" decoding=\"async\" width=\"360\" height=\"480\" src=\"https:\/\/trailsofmenorca.com\/wp-content\/uploads\/2026\/02\/cami-de-cavalls-wandern-7.webp\" class=\"attachment-large size-large wp-image-13700\" alt=\"\" srcset=\"https:\/\/trailsofmenorca.com\/wp-content\/uploads\/2026\/02\/cami-de-cavalls-wandern-7.webp 360w, https:\/\/trailsofmenorca.com\/wp-content\/uploads\/2026\/02\/cami-de-cavalls-wandern-7-225x300.webp 225w\" sizes=\"(max-width: 360px) 100vw, 360px\" \/>\t\t\t\t\t\t\t\t\t\t\t\t\t\t\t<\/div>\n\t\t\t\t<\/div>\n\t\t\t\t<\/div>\n\t\t<div class=\"elementor-element elementor-element-f75cd93 e-con-full e-flex e-con e-child\" data-id=\"f75cd93\" data-element_type=\"container\" data-e-type=\"container\">\n\t\t\t\t<div class=\"elementor-element elementor-element-40faedb elementor-widget elementor-widget-image\" data-id=\"40faedb\" data-element_type=\"widget\" data-e-type=\"widget\" data-widget_type=\"image.default\">\n\t\t\t\t<div class=\"elementor-widget-container\">\n\t\t\t\t\t\t\t\t\t\t\t\t\t\t\t<img loading=\"lazy\" decoding=\"async\" width=\"605\" height=\"807\" src=\"https:\/\/trailsofmenorca.com\/wp-content\/uploads\/2026\/02\/cami-de-cavalls-wandern-5-rotated.jpg\" class=\"attachment-large size-large wp-image-13701\" alt=\"\" srcset=\"https:\/\/trailsofmenorca.com\/wp-content\/uploads\/2026\/02\/cami-de-cavalls-wandern-5-rotated.jpg 605w, https:\/\/trailsofmenorca.com\/wp-content\/uploads\/2026\/02\/cami-de-cavalls-wandern-5-225x300.jpg 225w\" sizes=\"(max-width: 605px) 100vw, 605px\" \/>\t\t\t\t\t\t\t\t\t\t\t\t\t\t\t<\/div>\n\t\t\t\t<\/div>\n\t\t\t\t<\/div>\n\t\t\t\t\t<\/div>\n\t\t\t\t<\/div>\n\t\t<div class=\"elementor-element elementor-element-57ee0a9 e-flex e-con-boxed e-con e-parent\" data-id=\"57ee0a9\" data-element_type=\"container\" data-e-type=\"container\">\n\t\t\t\t\t<div class=\"e-con-inner\">\n\t\t<div class=\"elementor-element elementor-element-578e99c e-con-full e-flex e-con e-child\" data-id=\"578e99c\" data-element_type=\"container\" data-e-type=\"container\">\n\t\t\t\t<div class=\"elementor-element elementor-element-2649ff0 elementor-widget elementor-widget-image\" data-id=\"2649ff0\" data-element_type=\"widget\" data-e-type=\"widget\" data-widget_type=\"image.default\">\n\t\t\t\t<div class=\"elementor-widget-container\">\n\t\t\t\t\t\t\t\t\t\t\t\t\t\t\t<img loading=\"lazy\" decoding=\"async\" width=\"296\" height=\"395\" src=\"https:\/\/trailsofmenorca.com\/wp-content\/uploads\/2026\/02\/cami-de-cavalls-wandern-9.webp\" class=\"attachment-large size-large wp-image-13702\" alt=\"\" srcset=\"https:\/\/trailsofmenorca.com\/wp-content\/uploads\/2026\/02\/cami-de-cavalls-wandern-9.webp 296w, https:\/\/trailsofmenorca.com\/wp-content\/uploads\/2026\/02\/cami-de-cavalls-wandern-9-225x300.webp 225w\" sizes=\"(max-width: 296px) 100vw, 296px\" \/>\t\t\t\t\t\t\t\t\t\t\t\t\t\t\t<\/div>\n\t\t\t\t<\/div>\n\t\t\t\t<\/div>\n\t\t<div class=\"elementor-element elementor-element-d636e40 e-con-full e-flex e-con e-child\" data-id=\"d636e40\" data-element_type=\"container\" data-e-type=\"container\">\n\t\t\t\t<div class=\"elementor-element elementor-element-bf52e3d elementor-widget elementor-widget-text-editor\" data-id=\"bf52e3d\" data-element_type=\"widget\" data-e-type=\"widget\" data-widget_type=\"text-editor.default\">\n\t\t\t\t<div class=\"elementor-widget-container\">\n\t\t\t\t\t\t\t\t\t<p>Wandern auf Menorca &#8211; Natur statt Massentourismus<br>Beim Wandern auf Menorca trifft man oft mehr Tiere als Menschen.<\/p><p>Schildkr\u00f6ten, V\u00f6gel, Ziegen, Schafe und Pferde geh\u00f6ren zum Alltag auf der Insel.<br><br>Viele G\u00e4ste sagen mir, dass Menorca der erste Ort ist, an dem sie wieder echte Stille erleben.<\/p>\t\t\t\t\t\t\t\t<\/div>\n\t\t\t\t<\/div>\n\t\t\t\t<\/div>\n\t\t\t\t\t<\/div>\n\t\t\t\t<\/div>\n\t\t<div class=\"elementor-element elementor-element-870eb20 e-flex e-con-boxed e-con e-parent\" data-id=\"870eb20\" data-element_type=\"container\" data-e-type=\"container\">\n\t\t\t\t\t<div class=\"e-con-inner\">\n\t\t<div class=\"elementor-element elementor-element-2ef9a07 e-con-full e-flex e-con e-child\" data-id=\"2ef9a07\" data-element_type=\"container\" data-e-type=\"container\">\n\t\t\t\t<div class=\"elementor-element elementor-element-08dc18b elementor-widget elementor-widget-heading\" data-id=\"08dc18b\" data-element_type=\"widget\" data-e-type=\"widget\" data-widget_type=\"heading.default\">\n\t\t\t\t<div class=\"elementor-widget-container\">\n\t\t\t\t\t<h2 class=\"elementor-heading-title elementor-size-default\">Was macht den Cam\u00ed de Cavalls so unvergesslich?<\/h2>\t\t\t\t<\/div>\n\t\t\t\t<\/div>\n\t\t\t\t<div class=\"elementor-element elementor-element-1873017 elementor-widget elementor-widget-text-editor\" data-id=\"1873017\" data-element_type=\"widget\" data-e-type=\"widget\" data-widget_type=\"text-editor.default\">\n\t\t\t\t<div class=\"elementor-widget-container\">\n\t\t\t\t\t\t\t\t\t<p>Leute, die den Cam\u00ed de Cavalls gewandert sind, erw\u00e4hnen dies oft:<\/p><ul><li aria-level=\"1\">innere Ruhe<\/li><li aria-level=\"1\">geistige Klarheit<\/li><li aria-level=\"1\">neue Energie<\/li><li aria-level=\"1\">eine starke Verbindung zur Natur<\/li><\/ul><p>Dieser Weg ist keine Herausforderung, die es zu bew\u00e4ltigen gilt. Er ist eine Reise zum Genie\u00dfen. <\/p>\t\t\t\t\t\t\t\t<\/div>\n\t\t\t\t<\/div>\n\t\t\t\t<\/div>\n\t\t<div class=\"elementor-element elementor-element-71446cc e-con-full e-flex e-con e-child\" data-id=\"71446cc\" data-element_type=\"container\" data-e-type=\"container\">\n\t\t\t\t<div class=\"elementor-element elementor-element-c809dce elementor-widget elementor-widget-image\" data-id=\"c809dce\" data-element_type=\"widget\" data-e-type=\"widget\" data-widget_type=\"image.default\">\n\t\t\t\t<div class=\"elementor-widget-container\">\n\t\t\t\t\t\t\t\t\t\t\t\t\t\t\t<img loading=\"lazy\" decoding=\"async\" width=\"150\" height=\"200\" src=\"https:\/\/trailsofmenorca.com\/wp-content\/uploads\/2026\/02\/cami-de-cavalls-wandern-4.webp\" class=\"attachment-large size-large wp-image-13703\" alt=\"\" \/>\t\t\t\t\t\t\t\t\t\t\t\t\t\t\t<\/div>\n\t\t\t\t<\/div>\n\t\t\t\t<\/div>\n\t\t\t\t\t<\/div>\n\t\t\t\t<\/div>\n\t\t<div class=\"elementor-element elementor-element-81812ad e-flex e-con-boxed e-con e-parent\" data-id=\"81812ad\" data-element_type=\"container\" data-e-type=\"container\">\n\t\t\t\t\t<div class=\"e-con-inner\">\n\t\t<div class=\"elementor-element elementor-element-f27244a e-con-full e-flex e-con e-child\" data-id=\"f27244a\" data-element_type=\"container\" data-e-type=\"container\">\n\t\t\t\t<div class=\"elementor-element elementor-element-28b7606 elementor-widget elementor-widget-text-editor\" data-id=\"28b7606\" data-element_type=\"widget\" data-e-type=\"widget\" data-widget_type=\"text-editor.default\">\n\t\t\t\t<div class=\"elementor-widget-container\">\n\t\t\t\t\t\t\t\t\t<p><b>Gef\u00fchrte Wanderungen auf Menorca &#8211; <\/b><b> Der Unterschied<\/b><\/p><p><span style=\"font-weight: 400;\">Als einheimischer Wanderf\u00fchrer, der auf Menorca lebt, begleite ich G\u00e4ste auf ausgew\u00e4hlten Abschnitten des Cam\u00ed de Cavalls.<\/span><\/p><p><b>Gef\u00fchrte Wanderungen mit Trails of Menorca bieten klare Vorteile:<\/b><\/p><ul><li style=\"font-weight: 400;\" aria-level=\"1\"><span style=\"font-weight: 400;\">sorgf\u00e4ltig ausgew\u00e4hlte Stufen<\/span><\/li><li style=\"font-weight: 400;\" aria-level=\"1\"><span style=\"font-weight: 400;\">Routen, die dem Wetter und dem Fitnessniveau angepasst sind<\/span><\/li><li style=\"font-weight: 400;\" aria-level=\"1\"><span style=\"font-weight: 400;\">Ortskenntnisse jenseits von Reisef\u00fchrern<\/span><\/li><li style=\"font-weight: 400;\" aria-level=\"1\"><span style=\"font-weight: 400;\">entspanntes, sorgenfreies Wandern<\/span><\/li><\/ul>\t\t\t\t\t\t\t\t<\/div>\n\t\t\t\t<\/div>\n\t\t\t\t<\/div>\n\t\t<div class=\"elementor-element elementor-element-69c9237 e-con-full e-flex e-con e-child\" data-id=\"69c9237\" data-element_type=\"container\" data-e-type=\"container\">\n\t\t\t\t<div class=\"elementor-element elementor-element-c9f54d0 elementor-widget elementor-widget-image\" data-id=\"c9f54d0\" data-element_type=\"widget\" data-e-type=\"widget\" data-widget_type=\"image.default\">\n\t\t\t\t<div class=\"elementor-widget-container\">\n\t\t\t\t\t\t\t\t\t\t\t\t\t\t\t<img loading=\"lazy\" decoding=\"async\" width=\"768\" height=\"1024\" src=\"https:\/\/trailsofmenorca.com\/wp-content\/uploads\/2026\/02\/cami-de-cavalls-wandern-11-768x1024.png\" class=\"attachment-large size-large wp-image-13705\" alt=\"\" srcset=\"https:\/\/trailsofmenorca.com\/wp-content\/uploads\/2026\/02\/cami-de-cavalls-wandern-11-768x1024.png 768w, https:\/\/trailsofmenorca.com\/wp-content\/uploads\/2026\/02\/cami-de-cavalls-wandern-11-225x300.png 225w, https:\/\/trailsofmenorca.com\/wp-content\/uploads\/2026\/02\/cami-de-cavalls-wandern-11-1152x1536.png 1152w, https:\/\/trailsofmenorca.com\/wp-content\/uploads\/2026\/02\/cami-de-cavalls-wandern-11.png 1200w\" sizes=\"(max-width: 768px) 100vw, 768px\" \/>\t\t\t\t\t\t\t\t\t\t\t\t\t\t\t<\/div>\n\t\t\t\t<\/div>\n\t\t\t\t<\/div>\n\t\t\t\t\t<\/div>\n\t\t\t\t<\/div>\n\t\t<div class=\"elementor-element elementor-element-2f13c16 e-flex e-con-boxed e-con e-parent\" data-id=\"2f13c16\" data-element_type=\"container\" data-e-type=\"container\">\n\t\t\t\t\t<div class=\"e-con-inner\">\n\t\t\t\t<div class=\"elementor-element elementor-element-1791b8a elementor-widget elementor-widget-text-editor\" data-id=\"1791b8a\" data-element_type=\"widget\" data-e-type=\"widget\" data-widget_type=\"text-editor.default\">\n\t\t\t\t<div class=\"elementor-widget-container\">\n\t\t\t\t\t\t\t\t\tViele G\u00e4ste sagen:\n&#8222;Auf eigene Faust h\u00e4tten wir Menorca nie so erlebt.&#8220;\t\t\t\t\t\t\t\t<\/div>\n\t\t\t\t<\/div>\n\t\t\t\t<div class=\"elementor-element elementor-element-71601ad elementor-widget elementor-widget-image\" data-id=\"71601ad\" data-element_type=\"widget\" data-e-type=\"widget\" data-widget_type=\"image.default\">\n\t\t\t\t<div class=\"elementor-widget-container\">\n\t\t\t\t\t\t\t\t\t\t\t\t\t\t\t<img loading=\"lazy\" decoding=\"async\" width=\"1024\" height=\"720\" src=\"https:\/\/trailsofmenorca.com\/wp-content\/uploads\/2026\/02\/6.jpg\" class=\"attachment-full size-full wp-image-13694\" alt=\"\" srcset=\"https:\/\/trailsofmenorca.com\/wp-content\/uploads\/2026\/02\/6.jpg 1024w, https:\/\/trailsofmenorca.com\/wp-content\/uploads\/2026\/02\/6-300x211.jpg 300w, https:\/\/trailsofmenorca.com\/wp-content\/uploads\/2026\/02\/6-768x540.jpg 768w\" sizes=\"(max-width: 1024px) 100vw, 1024px\" \/>\t\t\t\t\t\t\t\t\t\t\t\t\t\t\t<\/div>\n\t\t\t\t<\/div>\n\t\t\t\t\t<\/div>\n\t\t\t\t<\/div>\n\t\t<div class=\"elementor-element elementor-element-e6a6a57 e-flex e-con-boxed e-con e-parent\" data-id=\"e6a6a57\" data-element_type=\"container\" data-e-type=\"container\">\n\t\t\t\t\t<div class=\"e-con-inner\">\n\t\t<div class=\"elementor-element elementor-element-b906a09 e-con-full e-flex e-con e-child\" data-id=\"b906a09\" data-element_type=\"container\" data-e-type=\"container\">\n\t\t\t\t<div class=\"elementor-element elementor-element-5aac9e2 elementor-widget elementor-widget-heading\" data-id=\"5aac9e2\" data-element_type=\"widget\" data-e-type=\"widget\" data-widget_type=\"heading.default\">\n\t\t\t\t<div class=\"elementor-widget-container\">\n\t\t\t\t\t<h2 class=\"elementor-heading-title elementor-size-default\">F\u00fcr wen ist der Cam\u00ed de Cavalls geeignet?<\/h2>\t\t\t\t<\/div>\n\t\t\t\t<\/div>\n\t\t\t\t<div class=\"elementor-element elementor-element-22376c5 elementor-widget elementor-widget-text-editor\" data-id=\"22376c5\" data-element_type=\"widget\" data-e-type=\"widget\" data-widget_type=\"text-editor.default\">\n\t\t\t\t<div class=\"elementor-widget-container\">\n\t\t\t\t\t\t\t\t\t<p>Der Cam\u00ed de Cavalls ist ideal f\u00fcr:<\/p><ul><li aria-level=\"1\">Wanderer mit normaler Fitness<\/li><li aria-level=\"1\">Naturliebhaber<\/li><li aria-level=\"1\">Menschen auf der Suche nach Frieden und Authentizit\u00e4t<\/li><li aria-level=\"1\">aktive Reisende, die den Massentourismus meiden<\/li><li aria-level=\"1\">Alleinreisende, Paare und kleine Gruppen<\/li><\/ul><p>Man muss kein Extremsportler sein.<br>Man muss nur neugierig sein und die Natur lieben.  <\/p><p>Erfahren Sie mehr: <a href=\"https:\/\/menorca.es\/Documents\/Documents\/9449doc4.pdf\" target=\"_blank\" rel=\"noopener\">Cam\u00ed de Cavalls<\/a><\/p>\t\t\t\t\t\t\t\t<\/div>\n\t\t\t\t<\/div>\n\t\t\t\t<\/div>\n\t\t<div class=\"elementor-element elementor-element-09de657 e-con-full e-flex e-con e-child\" data-id=\"09de657\" data-element_type=\"container\" data-e-type=\"container\">\n\t\t\t\t<div class=\"elementor-element elementor-element-061f4ba elementor-widget elementor-widget-image\" data-id=\"061f4ba\" data-element_type=\"widget\" data-e-type=\"widget\" data-widget_type=\"image.default\">\n\t\t\t\t<div class=\"elementor-widget-container\">\n\t\t\t\t\t\t\t\t\t\t\t\t\t\t\t<img loading=\"lazy\" decoding=\"async\" width=\"757\" height=\"1024\" src=\"https:\/\/trailsofmenorca.com\/wp-content\/uploads\/2026\/02\/cami-de-cavalls-wandern-6-1-757x1024.webp\" class=\"attachment-large size-large wp-image-13695\" alt=\"\" srcset=\"https:\/\/trailsofmenorca.com\/wp-content\/uploads\/2026\/02\/cami-de-cavalls-wandern-6-1-757x1024.webp 757w, https:\/\/trailsofmenorca.com\/wp-content\/uploads\/2026\/02\/cami-de-cavalls-wandern-6-1-222x300.webp 222w, https:\/\/trailsofmenorca.com\/wp-content\/uploads\/2026\/02\/cami-de-cavalls-wandern-6-1-768x1039.webp 768w, https:\/\/trailsofmenorca.com\/wp-content\/uploads\/2026\/02\/cami-de-cavalls-wandern-6-1.webp 894w\" sizes=\"(max-width: 757px) 100vw, 757px\" \/>\t\t\t\t\t\t\t\t\t\t\t\t\t\t\t<\/div>\n\t\t\t\t<\/div>\n\t\t\t\t<\/div>\n\t\t\t\t\t<\/div>\n\t\t\t\t<\/div>\n\t\t<div class=\"elementor-element elementor-element-6861aec e-flex e-con-boxed e-con e-parent\" data-id=\"6861aec\" data-element_type=\"container\" data-e-type=\"container\">\n\t\t\t\t\t<div class=\"e-con-inner\">\n\t\t<div class=\"elementor-element elementor-element-d7e97e9 e-con-full e-flex e-con e-child\" data-id=\"d7e97e9\" data-element_type=\"container\" data-e-type=\"container\">\n\t\t\t\t<div class=\"elementor-element elementor-element-e8fed2e elementor-widget elementor-widget-heading\" data-id=\"e8fed2e\" data-element_type=\"widget\" data-e-type=\"widget\" data-widget_type=\"heading.default\">\n\t\t\t\t<div class=\"elementor-widget-container\">\n\t\t\t\t\t<h2 class=\"elementor-heading-title elementor-size-default\">Schlussfolgerung: Warum Sie zum Wandern nach Menorca kommen sollten<\/h2>\t\t\t\t<\/div>\n\t\t\t\t<\/div>\n\t\t\t\t<div class=\"elementor-element elementor-element-db3ad07 elementor-widget elementor-widget-text-editor\" data-id=\"db3ad07\" data-element_type=\"widget\" data-e-type=\"widget\" data-widget_type=\"text-editor.default\">\n\t\t\t\t<div class=\"elementor-widget-container\">\n\t\t\t\t\t\t\t\t\t<p>Menorca versucht nicht, lautstark zu beeindrucken.<\/p><p>Es \u00fcberzeugt leise &#8211; und bleibt bei Ihnen.<\/p><p>Beim Wandern auf dem Cam\u00ed de Cavalls geht es nicht nur darum, eine Insel zu umrunden.<\/p><p>Es geht darum, etwas mit nach Hause zu nehmen.<\/p><p><b>Wenn Sie Menorca zu Fu\u00df erkunden m\u00f6chten, w\u00fcrde ich mich freuen, Sie zu begleiten.<\/b><\/p>\t\t\t\t\t\t\t\t<\/div>\n\t\t\t\t<\/div>\n\t\t\t\t<\/div>\n\t\t<div class=\"elementor-element elementor-element-b983e95 e-con-full e-flex e-con e-child\" data-id=\"b983e95\" data-element_type=\"container\" data-e-type=\"container\">\n\t\t\t\t<\/div>\n\t\t<div class=\"elementor-element elementor-element-bded2b4 e-con-full e-flex e-con e-child\" data-id=\"bded2b4\" data-element_type=\"container\" data-e-type=\"container\">\n\t\t\t\t<\/div>\n\t\t\t\t\t<\/div>\n\t\t\t\t<\/div>\n\t\t<div class=\"elementor-element elementor-element-38beee1 e-flex e-con-boxed e-con e-parent\" data-id=\"38beee1\" data-element_type=\"container\" data-e-type=\"container\">\n\t\t\t\t\t<div class=\"e-con-inner\">\n\t\t<div class=\"elementor-element elementor-element-f4026ab e-con-full e-flex e-con e-child\" data-id=\"f4026ab\" data-element_type=\"container\" data-e-type=\"container\">\n\t\t\t\t<div class=\"elementor-element elementor-element-70ced0f elementor-widget elementor-widget-text-editor\" data-id=\"70ced0f\" data-element_type=\"widget\" data-e-type=\"widget\" data-widget_type=\"text-editor.default\">\n\t\t\t\t<div class=\"elementor-widget-container\">\n\t\t\t\t\t\t\t\t\t<p><a href=\"http:\/\/www.trailsofmenorca.com\" target=\"_blank\" rel=\"noopener\">www.trailsofmenorca.com<\/a><\/p><p><strong>Das Wandererlebnis<\/strong><\/p><p>Vanessa<br \/>info@trailsofmenorca.com<br \/>+34 691 146 453<\/p>\t\t\t\t\t\t\t\t<\/div>\n\t\t\t\t<\/div>\n\t\t\t\t<\/div>\n\t\t<div class=\"elementor-element elementor-element-3f6414e e-con-full e-flex e-con e-child\" data-id=\"3f6414e\" data-element_type=\"container\" data-e-type=\"container\">\n\t\t\t\t<\/div>\n\t\t<div class=\"elementor-element elementor-element-ce9fe30 e-con-full e-flex e-con e-child\" data-id=\"ce9fe30\" data-element_type=\"container\" data-e-type=\"container\">\n\t\t\t\t<div class=\"elementor-element elementor-element-ffafa17 elementor-widget elementor-widget-image\" data-id=\"ffafa17\" data-element_type=\"widget\" data-e-type=\"widget\" data-widget_type=\"image.default\">\n\t\t\t\t<div class=\"elementor-widget-container\">\n\t\t\t\t\t\t\t\t\t\t\t\t\t\t\t<img loading=\"lazy\" decoding=\"async\" width=\"800\" height=\"983\" src=\"https:\/\/trailsofmenorca.com\/wp-content\/uploads\/2026\/02\/cami-de-cavalls-wandern-12-833x1024.webp\" class=\"attachment-large size-large wp-image-13428\" alt=\"\" srcset=\"https:\/\/trailsofmenorca.com\/wp-content\/uploads\/2026\/02\/cami-de-cavalls-wandern-12-833x1024.webp 833w, https:\/\/trailsofmenorca.com\/wp-content\/uploads\/2026\/02\/cami-de-cavalls-wandern-12-244x300.webp 244w, https:\/\/trailsofmenorca.com\/wp-content\/uploads\/2026\/02\/cami-de-cavalls-wandern-12-768x944.webp 768w, https:\/\/trailsofmenorca.com\/wp-content\/uploads\/2026\/02\/cami-de-cavalls-wandern-12.webp 1125w\" sizes=\"(max-width: 800px) 100vw, 800px\" \/>\t\t\t\t\t\t\t\t\t\t\t\t\t\t\t<\/div>\n\t\t\t\t<\/div>\n\t\t\t\t<\/div>\n\t\t\t\t\t<\/div>\n\t\t\t\t<\/div>\n\t\t\t\t<\/div>\n\t\t","protected":false},"excerpt":{"rendered":"<p>Warum Menorca eines der besten Wanderziele im Mittelmeerraum ist<\/p>\n","protected":false},"author":5,"featured_media":13695,"comment_status":"closed","ping_status":"closed","sticky":false,"template":"","format":"standard","meta":{"_joinchat":[],"footnotes":""},"categories":[30],"tags":[],"class_list":["post-13691","post","type-post","status-publish","format-standard","has-post-thumbnail","hentry","category-cami-de-cavalls"],"_links":{"self":[{"href":"https:\/\/trailsofmenorca.com\/de\/wp-json\/wp\/v2\/posts\/13691","targetHints":{"allow":["GET"]}}],"collection":[{"href":"https:\/\/trailsofmenorca.com\/de\/wp-json\/wp\/v2\/posts"}],"about":[{"href":"https:\/\/trailsofmenorca.com\/de\/wp-json\/wp\/v2\/types\/post"}],"author":[{"embeddable":true,"href":"https:\/\/trailsofmenorca.com\/de\/wp-json\/wp\/v2\/users\/5"}],"replies":[{"embeddable":true,"href":"https:\/\/trailsofmenorca.com\/de\/wp-json\/wp\/v2\/comments?post=13691"}],"version-history":[{"count":7,"href":"https:\/\/trailsofmenorca.com\/de\/wp-json\/wp\/v2\/posts\/13691\/revisions"}],"predecessor-version":[{"id":14201,"href":"https:\/\/trailsofmenorca.com\/de\/wp-json\/wp\/v2\/posts\/13691\/revisions\/14201"}],"wp:featuredmedia":[{"embeddable":true,"href":"https:\/\/trailsofmenorca.com\/de\/wp-json\/wp\/v2\/media\/13695"}],"wp:attachment":[{"href":"https:\/\/trailsofmenorca.com\/de\/wp-json\/wp\/v2\/media?parent=13691"}],"wp:term":[{"taxonomy":"category","embeddable":true,"href":"https:\/\/trailsofmenorca.com\/de\/wp-json\/wp\/v2\/categories?post=13691"},{"taxonomy":"post_tag","embeddable":true,"href":"https:\/\/trailsofmenorca.com\/de\/wp-json\/wp\/v2\/tags?post=13691"}],"curies":[{"name":"wp","href":"https:\/\/api.w.org\/{rel}","templated":true}]}}